{"id":753,"date":"2021-07-10T19:37:48","date_gmt":"2021-07-10T17:37:48","guid":{"rendered":"http:\/\/uainogent.fr\/V4\/?p=753"},"modified":"2021-07-14T21:18:27","modified_gmt":"2021-07-14T19:18:27","slug":"753","status":"publish","type":"post","link":"https:\/\/uainogent.fr\/V4\/?p=753","title":{"rendered":"Thomas Leger, le grand espoir de l&rsquo;UAI !"},"content":{"rendered":"<p><strong>\u00a0\u00a0\u00a0\u00a0\u00a0\u00a0\u00a0 Thomas Leger, le grand espoir de l\u2019UAI\u00a0!<\/strong><\/p>\n<p>Thomas Leger, 20 ans, est \u00e0 l\u2019UAI Nogent depuis 2015 Sp\u00e9cialiste du 100m et 200 m, ses chronos lui ont permis de participer aux championnats de France Elite cette ann\u00e9e.<\/p>\n<p>Il r\u00e9pond \u00e0 quelques questions afin que nous puissions mieux le conna\u00eetre.<\/p>\n<ul>\n<li>Salut Thomas\u00a0! A quel \u00e2ge as-tu commenc\u00e9 l\u2019athl\u00e9tisme\u00a0?<\/li>\n<\/ul>\n<p>J\u2019ai commenc\u00e9 \u00e0 5 ans, j\u2019\u00e9tais tr\u00e8s jeune\u00a0!<\/p>\n<ul>\n<li>Pourquoi avoir choisi le sprint\u00a0comme sp\u00e9cialit\u00e9\u00a0?<\/li>\n<\/ul>\n<p>Etant petit, j\u2019aimais beaucoup la vitesse \u00e0 l\u2019\u00e9cole car je trouvais que c\u2019\u00e9tait impressionnant voire spectaculaire.<\/p>\n<ul>\n<li>As-tu toujours \u00e9t\u00e9 \u00e0 l\u2019UAI Nogent\u00a0?<\/li>\n<\/ul>\n<p>Non, j\u2019\u00e9tais au club de Bry sur Marne durant toute mon enfance puis lors de mes ann\u00e9es minimes, j\u2019ai pu d\u00e9couvrir l\u2019UAI o\u00f9 je suis encore aujourd\u2019hui.<\/p>\n<ul>\n<li>Maintenant, parlons de ta sp\u00e9cialit\u00e9, quels sont tes records sur les diff\u00e9rentes distances\u00a0?<\/li>\n<\/ul>\n<p>60 m\u00a0: 6\u201979\u2019\u2019<\/p>\n<p>100 m\u00a0: 10\u201949\u2019\u2019<\/p>\n<p>200 m\u00a0: 21\u201912\u2019\u2019<\/p>\n<ul>\n<li>As-tu d\u00e9j\u00e0 \u00e9t\u00e9 gravement bless\u00e9 en exer\u00e7ant ta passion\u00a0?<\/li>\n<\/ul>\n<p>Oui, oui, malheureusement\u00a0! J\u2019ai subi une op\u00e9ration \u00e0 la suite de ma blessure\u00a0: l\u00e9sion compl\u00e8te des tendons de l\u2019ischio-jambier lors des championnats de France de Li\u00e9vin en 2018. Cela m\u2019a pris un an\u00a0pour revenir !<\/p>\n<ul>\n<li>Quelle est la course qui t\u2019as le plus marqu\u00e9\u00a0?<\/li>\n<\/ul>\n<p>La course de 60m que j\u2019ai eu la chance de faire \u00e0 Bercy avec les professionnels et diffus\u00e9e \u00e0 la t\u00e9l\u00e9vision en 2018, c\u2019\u00e9tait une superbe exp\u00e9rience ! Il s\u2019agissait surtout de la premi\u00e8re\u00a0avant que je fasse les championnats de France et mes premiers v\u00e9ritables records. En tout cas, c\u2019\u00e9tait incroyable.<\/p>\n<ul>\n<li>Parlons de ton futur, quels sont tes objectifs \u00e0 court terme\u00a0et \u00e0 long-terme\u00a0?<\/li>\n<\/ul>\n<p>Les championnats d\u2019Europe en cat\u00e9gorie espoir dans 2 ans pour le \u00ab\u00a0tr\u00e8s court-terme\u00a0\u00bb et les JO 2024 que je consid\u00e8re \u00e0 court-terme car cela approche tout de m\u00eame et surtout c\u2019est \u00e0 Paris ! Sinon, faire les Jeux de 2028, ce serait plut\u00f4t un objectif \u00e0 long-terme et cela permettra de cl\u00f4turer d\u2019une certaine fa\u00e7on tout le travail que j\u2019aurais r\u00e9alis\u00e9.<\/p>\n<ul>\n<li>Merci d\u2019avoir r\u00e9pondu \u00e0 toutes ces questions et tout le club te souhaitent d\u2019arriver \u00e0 cet objectif que sont les Jeux Olympiques.<\/li>\n<\/ul>\n<p>Apr\u00e8s cette interview, Thomas est parti \u00e0 Angers avec son entra\u00eeneur Olivier Rasquin pour participer aux Championnats de France Elite o\u00f9 malgr\u00e9 une \u00e9limination en s\u00e9rie du 100m , il a su se remobiliser pour aller chercher une tr\u00e8s belle 4<sup>\u00e8me<\/sup> place sur le 200m en <strong>21\u00a0\u00bb27<\/strong> dans des conditions m\u00e9t\u00e9o peu optimales\u00a0!<\/p>\n<div id=\"attachment_757\" style=\"width: 235px\" class=\"wp-caption alignnone\"><img loading=\"lazy\" decoding=\"async\" aria-describedby=\"caption-attachment-757\" class=\"size-medium wp-image-757\" src=\"http:\/\/uainogent.fr\/V4\/wp-content\/uploads\/2021\/07\/25-225x300.jpeg\" alt=\"\" width=\"225\" height=\"300\" srcset=\"https:\/\/uainogent.fr\/V4\/wp-content\/uploads\/2021\/07\/25-225x300.jpeg 225w, https:\/\/uainogent.fr\/V4\/wp-content\/uploads\/2021\/07\/25-768x1025.jpeg 768w, https:\/\/uainogent.fr\/V4\/wp-content\/uploads\/2021\/07\/25-767x1024.jpeg 767w, https:\/\/uainogent.fr\/V4\/wp-content\/uploads\/2021\/07\/25.jpeg 1199w\" sizes=\"(max-width: 225px) 100vw, 225px\" \/><p id=\"caption-attachment-757\" class=\"wp-caption-text\">Photo de Thomas Leger<\/p><\/div>\n<p><strong>\u00a0\u00a0\u00a0\u00a0\u00a0 <\/strong><\/p>\n","protected":false},"excerpt":{"rendered":"<p>\u00a0\u00a0\u00a0\u00a0\u00a0\u00a0\u00a0 Thomas Leger, le grand espoir de l\u2019UAI\u00a0! Thomas Leger, 20 ans, est \u00e0 l\u2019UAI Nogent depuis 2015 Sp\u00e9cialiste du 100m et 200 m, ses chronos lui ont permis de participer aux championnats de&#46;&#46;&#46;<\/p>\n","protected":false},"author":4,"featured_media":757,"comment_status":"open","ping_status":"open","sticky":false,"template":"","format":"standard","meta":{"footnotes":""},"categories":[12],"tags":[],"class_list":["post-753","post","type-post","status-publish","format-standard","has-post-thumbnail","hentry","category-informations"],"_links":{"self":[{"href":"https:\/\/uainogent.fr\/V4\/index.php?rest_route=\/wp\/v2\/posts\/753"}],"collection":[{"href":"https:\/\/uainogent.fr\/V4\/index.php?rest_route=\/wp\/v2\/posts"}],"about":[{"href":"https:\/\/uainogent.fr\/V4\/index.php?rest_route=\/wp\/v2\/types\/post"}],"author":[{"embeddable":true,"href":"https:\/\/uainogent.fr\/V4\/index.php?rest_route=\/wp\/v2\/users\/4"}],"replies":[{"embeddable":true,"href":"https:\/\/uainogent.fr\/V4\/index.php?rest_route=%2Fwp%2Fv2%2Fcomments&post=753"}],"version-history":[{"count":5,"href":"https:\/\/uainogent.fr\/V4\/index.php?rest_route=\/wp\/v2\/posts\/753\/revisions"}],"predecessor-version":[{"id":761,"href":"https:\/\/uainogent.fr\/V4\/index.php?rest_route=\/wp\/v2\/posts\/753\/revisions\/761"}],"wp:featuredmedia":[{"embeddable":true,"href":"https:\/\/uainogent.fr\/V4\/index.php?rest_route=\/wp\/v2\/media\/757"}],"wp:attachment":[{"href":"https:\/\/uainogent.fr\/V4\/index.php?rest_route=%2Fwp%2Fv2%2Fmedia&parent=753"}],"wp:term":[{"taxonomy":"category","embeddable":true,"href":"https:\/\/uainogent.fr\/V4\/index.php?rest_route=%2Fwp%2Fv2%2Fcategories&post=753"},{"taxonomy":"post_tag","embeddable":true,"href":"https:\/\/uainogent.fr\/V4\/index.php?rest_route=%2Fwp%2Fv2%2Ftags&post=753"}],"curies":[{"name":"wp","href":"https:\/\/api.w.org\/{rel}","templated":true}]}}